{"id":9476,"date":"2022-09-01T10:44:21","date_gmt":"2022-09-01T08:44:21","guid":{"rendered":"https:\/\/lyceemauriac.fr\/?p=9476"},"modified":"2022-09-01T10:44:21","modified_gmt":"2022-09-01T08:44:21","slug":"liste-des-classes-de-premiere-terminale-et-bts","status":"publish","type":"post","link":"https:\/\/lyceemauriac.fr\/index.php\/2022\/09\/01\/liste-des-classes-de-premiere-terminale-et-bts\/","title":{"rendered":"Liste des classes de Premi\u00e8re, Terminale et BTS"},"content":{"rendered":"<p>Vous trouverez \u00e0 l\u2019adresse ci-dessous la liste des classes de Premi\u00e8re, Terminale et BTS (hors apprentissage) pour l\u2019ann\u00e9e scolaire 2022-2023.<\/p>\n<p><a href=\"https:\/\/lyceemauriac.fr\/classes_2022_2023\/liste_1TB.html\">https:\/\/lyceemauriac.fr\/classes_2022_2023\/liste_1TB.html<\/a><\/p>\n<p>&nbsp;<\/p>\n<p><strong>Remarques :<\/strong><\/p>\n<ul>\n<li>Les \u00e9l\u00e8ves inscrits tr\u00e8s r\u00e9cemment n\u2019apparaissent peut-\u00eatre pas encore : cette liste sera mise \u00e0 jour.<\/li>\n<li>Compte tenu de la complexit\u00e9 de r\u00e9alisation des emplois du temps en lien avec la diversit\u00e9 de l\u2019offre de formation du lyc\u00e9e,\u00a0<b>aucun changement de classe ou abandon d\u2019option ne sera accord\u00e9.<\/b>\u00a0Il est donc inutile de solliciter les services de scolarit\u00e9 \u00e0 ce sujet.<\/li>\n<\/ul>\n","protected":false},"excerpt":{"rendered":"<p>Vous trouverez \u00e0 l\u2019adresse ci-dessous la liste des classes de Premi\u00e8re, Terminale et BTS (hors apprentissage) pour l\u2019ann\u00e9e scolaire 2022-2023. https:\/\/lyceemauriac.fr\/classes_2022_2023\/liste_1TB.html &nbsp; Remarques : Les \u00e9l\u00e8ves inscrits tr\u00e8s r\u00e9cemment n\u2019apparaissent peut-\u00eatre pas encore : cette liste sera mise \u00e0 jour. Compte tenu de la complexit\u00e9 de r\u00e9alisation des emplois du temps en lien avec la [&hellip;]<\/p>\n","protected":false},"author":2,"featured_media":9477,"comment_status":"closed","ping_status":"open","sticky":false,"template":"","format":"standard","meta":{"footnotes":""},"categories":[2,39],"tags":[],"class_list":["post-9476","post","type-post","status-publish","format-standard","has-post-thumbnail","hentry","category-administration","category-zbandeau"],"_links":{"self":[{"href":"https:\/\/lyceemauriac.fr\/index.php\/wp-json\/wp\/v2\/posts\/9476","targetHints":{"allow":["GET"]}}],"collection":[{"href":"https:\/\/lyceemauriac.fr\/index.php\/wp-json\/wp\/v2\/posts"}],"about":[{"href":"https:\/\/lyceemauriac.fr\/index.php\/wp-json\/wp\/v2\/types\/post"}],"author":[{"embeddable":true,"href":"https:\/\/lyceemauriac.fr\/index.php\/wp-json\/wp\/v2\/users\/2"}],"replies":[{"embeddable":true,"href":"https:\/\/lyceemauriac.fr\/index.php\/wp-json\/wp\/v2\/comments?post=9476"}],"version-history":[{"count":1,"href":"https:\/\/lyceemauriac.fr\/index.php\/wp-json\/wp\/v2\/posts\/9476\/revisions"}],"predecessor-version":[{"id":9478,"href":"https:\/\/lyceemauriac.fr\/index.php\/wp-json\/wp\/v2\/posts\/9476\/revisions\/9478"}],"wp:featuredmedia":[{"embeddable":true,"href":"https:\/\/lyceemauriac.fr\/index.php\/wp-json\/wp\/v2\/media\/9477"}],"wp:attachment":[{"href":"https:\/\/lyceemauriac.fr\/index.php\/wp-json\/wp\/v2\/media?parent=9476"}],"wp:term":[{"taxonomy":"category","embeddable":true,"href":"https:\/\/lyceemauriac.fr\/index.php\/wp-json\/wp\/v2\/categories?post=9476"},{"taxonomy":"post_tag","embeddable":true,"href":"https:\/\/lyceemauriac.fr\/index.php\/wp-json\/wp\/v2\/tags?post=9476"}],"curies":[{"name":"wp","href":"https:\/\/api.w.org\/{rel}","templated":true}]}}