{"id":9541,"date":"2022-09-17T16:16:44","date_gmt":"2022-09-17T14:16:44","guid":{"rendered":"https:\/\/lyceemauriac.fr\/?p=9541"},"modified":"2022-09-19T15:27:28","modified_gmt":"2022-09-19T13:27:28","slug":"soutien-en-maths-accompagnement-scolaire","status":"publish","type":"post","link":"https:\/\/lyceemauriac.fr\/index.php\/2022\/09\/17\/soutien-en-maths-accompagnement-scolaire\/","title":{"rendered":"Soutien en Maths \/ Accompagnement scolaire"},"content":{"rendered":"<p>Retrouvez ci-dessous les cr\u00e9neaux du cours de soutien en Math\u00e9matiques et de l&rsquo;Accompagnement scolaire. TOUS les \u00e9l\u00e8ves de la Seconde \u00e0 la Terminale peuvent en b\u00e9n\u00e9ficier.<\/p>\n<h2>Soutien en Math\u00e9matiques (au CDI, avec des professeurs de Math\u00e9matiques) :<\/h2>\n<ul>\n<li>Lundi : 8h-9h\u00a0 \/ 12h-13h \/ 14h-15h<\/li>\n<li>Mardi : 8h-9h\u00a0 \/ 12h-13h \/ 14h-15h<\/li>\n<li>Jeudi : 12h-13h \/ 13h-14h (et non pas 14h-15h comme \u00e9crit sur l&rsquo;infographie)<\/li>\n<\/ul>\n<h2>Accompagnement scolaire (salle 1003, avec des Assistants d&rsquo;\u00c9ducation) :<\/h2>\n<ul>\n<li>Tous les jours de 8h \u00e0 18h<\/li>\n<\/ul>\n<p>&nbsp;<\/p>\n","protected":false},"excerpt":{"rendered":"<p>Retrouvez ci-dessous les cr\u00e9neaux du cours de soutien en Math\u00e9matiques et de l&rsquo;Accompagnement scolaire. TOUS les \u00e9l\u00e8ves de la Seconde \u00e0 la Terminale peuvent en b\u00e9n\u00e9ficier. Soutien en Math\u00e9matiques (au CDI, avec des professeurs de Math\u00e9matiques) : Lundi : 8h-9h\u00a0 \/ 12h-13h \/ 14h-15h Mardi : 8h-9h\u00a0 \/ 12h-13h \/ 14h-15h Jeudi : 12h-13h \/ [&hellip;]<\/p>\n","protected":false},"author":2,"featured_media":9542,"comment_status":"closed","ping_status":"open","sticky":false,"template":"","format":"standard","meta":{"footnotes":""},"categories":[27],"tags":[],"class_list":["post-9541","post","type-post","status-publish","format-standard","has-post-thumbnail","hentry","category-pedagogie"],"_links":{"self":[{"href":"https:\/\/lyceemauriac.fr\/index.php\/wp-json\/wp\/v2\/posts\/9541","targetHints":{"allow":["GET"]}}],"collection":[{"href":"https:\/\/lyceemauriac.fr\/index.php\/wp-json\/wp\/v2\/posts"}],"about":[{"href":"https:\/\/lyceemauriac.fr\/index.php\/wp-json\/wp\/v2\/types\/post"}],"author":[{"embeddable":true,"href":"https:\/\/lyceemauriac.fr\/index.php\/wp-json\/wp\/v2\/users\/2"}],"replies":[{"embeddable":true,"href":"https:\/\/lyceemauriac.fr\/index.php\/wp-json\/wp\/v2\/comments?post=9541"}],"version-history":[{"count":3,"href":"https:\/\/lyceemauriac.fr\/index.php\/wp-json\/wp\/v2\/posts\/9541\/revisions"}],"predecessor-version":[{"id":9548,"href":"https:\/\/lyceemauriac.fr\/index.php\/wp-json\/wp\/v2\/posts\/9541\/revisions\/9548"}],"wp:featuredmedia":[{"embeddable":true,"href":"https:\/\/lyceemauriac.fr\/index.php\/wp-json\/wp\/v2\/media\/9542"}],"wp:attachment":[{"href":"https:\/\/lyceemauriac.fr\/index.php\/wp-json\/wp\/v2\/media?parent=9541"}],"wp:term":[{"taxonomy":"category","embeddable":true,"href":"https:\/\/lyceemauriac.fr\/index.php\/wp-json\/wp\/v2\/categories?post=9541"},{"taxonomy":"post_tag","embeddable":true,"href":"https:\/\/lyceemauriac.fr\/index.php\/wp-json\/wp\/v2\/tags?post=9541"}],"curies":[{"name":"wp","href":"https:\/\/api.w.org\/{rel}","templated":true}]}}