{"id":9580,"date":"2022-10-10T13:41:49","date_gmt":"2022-10-10T11:41:49","guid":{"rendered":"https:\/\/lyceemauriac.fr\/?p=9580"},"modified":"2022-11-10T08:54:09","modified_gmt":"2022-11-10T07:54:09","slug":"rencontre-avec-lecole-darchitecture-de-bordeaux-3","status":"publish","type":"post","link":"https:\/\/lyceemauriac.fr\/index.php\/2022\/10\/10\/rencontre-avec-lecole-darchitecture-de-bordeaux-3\/","title":{"rendered":"Rencontre avec l&rsquo;Ecole d&rsquo;Architecture de Bordeaux"},"content":{"rendered":"<p><strong>JEUDI 17 NOVEMBRE \u00e0 12h30 Salle 1222 (Arts Plastiques)<\/strong><\/p>\n<p>Rencontre avec des intervenants (professeurs et \u00e9l\u00e8ves) de l&rsquo;Ecole d&rsquo;Architecture et de Paysage de Bordeaux. Tout savoir sur :\u00a0 les \u00e9tudes, les m\u00e9tiers, le mode de recrutement, et toutes les r\u00e9ponses aux questions que vous pouvez vous poser. Venez nombreux et nombreuses !<\/p>\n<p>Un stage de pr\u00e9paration intensif, organis\u00e9 par la Fondation Culture et Diversit\u00e9 pourra \u00eatre propos\u00e9 pendant les vacances de f\u00e9vrier \u00e0 quelques \u00e9l\u00e8ves de Terminale.<\/p>\n","protected":false},"excerpt":{"rendered":"<p>JEUDI 17 NOVEMBRE \u00e0 12h30 Salle 1222 (Arts Plastiques) Rencontre avec des intervenants (professeurs et \u00e9l\u00e8ves) de l&rsquo;Ecole d&rsquo;Architecture et de Paysage de Bordeaux. Tout savoir sur :\u00a0 les \u00e9tudes, les m\u00e9tiers, le mode de recrutement, et toutes les r\u00e9ponses aux questions que vous pouvez vous poser. Venez nombreux et nombreuses ! Un stage de [&hellip;]<\/p>\n","protected":false},"author":9,"featured_media":9581,"comment_status":"closed","ping_status":"open","sticky":false,"template":"","format":"standard","meta":{"footnotes":""},"categories":[49,1,21,7,18],"tags":[],"class_list":["post-9580","post","type-post","status-publish","format-standard","has-post-thumbnail","hentry","category-artsplastiques","category-non-classe","category-culture","category-formations","category-orientation"],"_links":{"self":[{"href":"https:\/\/lyceemauriac.fr\/index.php\/wp-json\/wp\/v2\/posts\/9580","targetHints":{"allow":["GET"]}}],"collection":[{"href":"https:\/\/lyceemauriac.fr\/index.php\/wp-json\/wp\/v2\/posts"}],"about":[{"href":"https:\/\/lyceemauriac.fr\/index.php\/wp-json\/wp\/v2\/types\/post"}],"author":[{"embeddable":true,"href":"https:\/\/lyceemauriac.fr\/index.php\/wp-json\/wp\/v2\/users\/9"}],"replies":[{"embeddable":true,"href":"https:\/\/lyceemauriac.fr\/index.php\/wp-json\/wp\/v2\/comments?post=9580"}],"version-history":[{"count":5,"href":"https:\/\/lyceemauriac.fr\/index.php\/wp-json\/wp\/v2\/posts\/9580\/revisions"}],"predecessor-version":[{"id":9641,"href":"https:\/\/lyceemauriac.fr\/index.php\/wp-json\/wp\/v2\/posts\/9580\/revisions\/9641"}],"wp:featuredmedia":[{"embeddable":true,"href":"https:\/\/lyceemauriac.fr\/index.php\/wp-json\/wp\/v2\/media\/9581"}],"wp:attachment":[{"href":"https:\/\/lyceemauriac.fr\/index.php\/wp-json\/wp\/v2\/media?parent=9580"}],"wp:term":[{"taxonomy":"category","embeddable":true,"href":"https:\/\/lyceemauriac.fr\/index.php\/wp-json\/wp\/v2\/categories?post=9580"},{"taxonomy":"post_tag","embeddable":true,"href":"https:\/\/lyceemauriac.fr\/index.php\/wp-json\/wp\/v2\/tags?post=9580"}],"curies":[{"name":"wp","href":"https:\/\/api.w.org\/{rel}","templated":true}]}}