{"id":9668,"date":"2022-11-24T17:31:04","date_gmt":"2022-11-24T16:31:04","guid":{"rendered":"https:\/\/lyceemauriac.fr\/?p=9668"},"modified":"2023-03-28T10:51:58","modified_gmt":"2023-03-28T08:51:58","slug":"collecte-de-produits-de-premiere-necessite-au-profit-de-lassociation-toutes-a-labri","status":"publish","type":"post","link":"https:\/\/lyceemauriac.fr\/index.php\/2022\/11\/24\/collecte-de-produits-de-premiere-necessite-au-profit-de-lassociation-toutes-a-labri\/","title":{"rendered":"Collecte de produits de premi\u00e8re n\u00e9cessit\u00e9 au profit de l\u2019association Toutes \u00e0 l\u2019Abri"},"content":{"rendered":"<p>Ancr\u00e9e dans Bordeaux, l\u2019association <a href=\"https:\/\/toutesalabri.fr\/\"><strong><u>Toutes \u00e0 l\u2019Abri<\/u><\/strong><\/a> vient depuis plusieurs ann\u00e9es en aide aux femmes en situation de grande pr\u00e9carit\u00e9. Un lieu d\u2019\u00e9coute, de distribution, de gestion et distribution de produits de premi\u00e8re n\u00e9cessit\u00e9 est ouvert les lundis, mercredis et vendredis rue Achard. Les mardis,\u00a0leur superbe \u00e9quipe de b\u00e9n\u00e9voles participe \u00e0 des maraudes o\u00f9 chaque semaine une soixantaine de repas et de kits d\u2019hygi\u00e8ne sont distribu\u00e9s.<\/p>\n<p>Afin de les aider \u00e0 notre \u00e9chelle, la MDL est fi\u00e8re de mettre en place une collecte \u00e0 la Maison Des Lyc\u00e9ens. A partir de ce vendredi 25 novembre et jusqu\u2019aux vacances de No\u00ebl, le 16 d\u00e9cembre prochain. Vous \u00eates les bienvenu.e.s afin de d\u00e9poser dans la bo\u00eete pr\u00e9vue \u00e0 cet effet, ou directement \u00e0 la caf\u00e9t\u00e9ria les produits suivants\u00a0:<\/p>\n<ul>\n<li>V\u00eatements chauds, adultes (neutres ou genr\u00e9s femmes), enfants et nourrissons (sans distinction)<\/li>\n<li>Produits d\u2019hygi\u00e8ne (serviettes hygi\u00e9niques, dentifrice, gel douche\u2026etc.)<\/li>\n<li>Produits pour nourrisson (couches, soins, lingettes \u2026etc.)<\/li>\n<\/ul>\n<p>Au-del\u00e0 de cette collecte, la MDL invitera l\u2019association Toutes \u00e0 l\u2019Abri \u00e0 un moment de rencontre pour discuter des probl\u00e9matiques rencontr\u00e9es par les femmes en situation de pr\u00e9carit\u00e9 et notamment les violences qu\u2019elles subissent symbolis\u00e9es par une date de sensibilisation le 25 novembre.<\/p>\n<p>Nous nous permettons de diffuser le num\u00e9ro d\u2019urgence pour les femmes de violence accessible 24h\/24, et 7j\/7\u00a0:<\/p>\n<p><img loading=\"lazy\" decoding=\"async\" class=\"alignnone wp-image-9670\" src=\"https:\/\/lyceemauriac.fr\/wp-content\/uploads\/2022\/11\/3919.jpg\" alt=\"\" width=\"507\" height=\"338\" srcset=\"https:\/\/lyceemauriac.fr\/wp-content\/uploads\/2022\/11\/3919.jpg 740w, https:\/\/lyceemauriac.fr\/wp-content\/uploads\/2022\/11\/3919-200x133.jpg 200w, https:\/\/lyceemauriac.fr\/wp-content\/uploads\/2022\/11\/3919-370x247.jpg 370w\" sizes=\"auto, (max-width: 507px) 100vw, 507px\" \/><\/p>\n<p>Pour la Maison des Lyc\u00e9ens, Efe EDOH 1G1.<\/p>\n","protected":false},"excerpt":{"rendered":"<p>Ancr\u00e9e dans Bordeaux, l\u2019association Toutes \u00e0 l\u2019Abri vient depuis plusieurs ann\u00e9es en aide aux femmes en situation de grande pr\u00e9carit\u00e9. Un lieu d\u2019\u00e9coute, de distribution, de gestion et distribution de produits de premi\u00e8re n\u00e9cessit\u00e9 est ouvert les lundis, mercredis et vendredis rue Achard. Les mardis,\u00a0leur superbe \u00e9quipe de b\u00e9n\u00e9voles participe \u00e0 des maraudes o\u00f9 chaque [&hellip;]<\/p>\n","protected":false},"author":16,"featured_media":9669,"comment_status":"closed","ping_status":"open","sticky":false,"template":"","format":"standard","meta":{"footnotes":""},"categories":[14],"tags":[],"class_list":["post-9668","post","type-post","status-publish","format-standard","has-post-thumbnail","hentry","category-mdl"],"_links":{"self":[{"href":"https:\/\/lyceemauriac.fr\/index.php\/wp-json\/wp\/v2\/posts\/9668","targetHints":{"allow":["GET"]}}],"collection":[{"href":"https:\/\/lyceemauriac.fr\/index.php\/wp-json\/wp\/v2\/posts"}],"about":[{"href":"https:\/\/lyceemauriac.fr\/index.php\/wp-json\/wp\/v2\/types\/post"}],"author":[{"embeddable":true,"href":"https:\/\/lyceemauriac.fr\/index.php\/wp-json\/wp\/v2\/users\/16"}],"replies":[{"embeddable":true,"href":"https:\/\/lyceemauriac.fr\/index.php\/wp-json\/wp\/v2\/comments?post=9668"}],"version-history":[{"count":5,"href":"https:\/\/lyceemauriac.fr\/index.php\/wp-json\/wp\/v2\/posts\/9668\/revisions"}],"predecessor-version":[{"id":9675,"href":"https:\/\/lyceemauriac.fr\/index.php\/wp-json\/wp\/v2\/posts\/9668\/revisions\/9675"}],"wp:featuredmedia":[{"embeddable":true,"href":"https:\/\/lyceemauriac.fr\/index.php\/wp-json\/wp\/v2\/media\/9669"}],"wp:attachment":[{"href":"https:\/\/lyceemauriac.fr\/index.php\/wp-json\/wp\/v2\/media?parent=9668"}],"wp:term":[{"taxonomy":"category","embeddable":true,"href":"https:\/\/lyceemauriac.fr\/index.php\/wp-json\/wp\/v2\/categories?post=9668"},{"taxonomy":"post_tag","embeddable":true,"href":"https:\/\/lyceemauriac.fr\/index.php\/wp-json\/wp\/v2\/tags?post=9668"}],"curies":[{"name":"wp","href":"https:\/\/api.w.org\/{rel}","templated":true}]}}