{"id":9801,"date":"2022-12-16T16:00:37","date_gmt":"2022-12-16T15:00:37","guid":{"rendered":"https:\/\/lyceemauriac.fr\/?p=9801"},"modified":"2023-03-28T10:58:47","modified_gmt":"2023-03-28T08:58:47","slug":"la-mdl-se-mobilise-pour-le-telethon","status":"publish","type":"post","link":"https:\/\/lyceemauriac.fr\/index.php\/2022\/12\/16\/la-mdl-se-mobilise-pour-le-telethon\/","title":{"rendered":"La MDL se mobilise pour le T\u00e9l\u00e9thon"},"content":{"rendered":"<p>La Maison des Lyc\u00e9ens a eu la joie de s&rsquo;associer avec le T\u00e9l\u00e9thon afin de les aider dans leur collecte de fonds afin de financer des projets de recherche sur les maladies g\u00e9n\u00e9tiques rares.<\/p>\n<p>\u00c0 cette occasion une vente de tote-bags fut organis\u00e9e dans le lyc\u00e9e et les rues de Bordeaux lors du week end du T\u00e9l\u00e9thon.<\/p>\n<p>Nous remercions chaleureusement tous les \u00e9l\u00e8ves, le personnel de l&rsquo;\u00e9tablissement, et les riverains pour leur g\u00e9n\u00e9rosit\u00e9 : Avec pr\u00e8s de 250 sacs vendus l&rsquo;op\u00e9ration a permis de collecter 1200 euros pour le T\u00e9l\u00e9thon.<\/p>\n<p>Nous remercions \u00e9galement toutes les personnes l&rsquo;ayant rendu possible : Mme Benzaidi et la direction pour leur soutien, Mme Laguna pour son entrain comme lors de chaque action associative, ainsi que l&rsquo;ensemble des \u00e9l\u00e8ves ayant aid\u00e9 de pr\u00e8s ou de loin, que ce soit dans la confection, le tri ou la vente des tote-bags. Mention sp\u00e9ciale pour Louise capable de vendre des tote-bags en 3 langues, ainsi que Thomas et Calixte qui par la m\u00eame occasion, se sont faits recruter comme gouteurs dans une fromagerie.<\/p>\n<p>Un dernier remerciement tout particulier pour M. Jean Marie Bourboulou, de l&rsquo;antenne girondine du T\u00e9l\u00e9thon pour sa disponibilit\u00e9 et son enthousiasme.<\/p>\n<p>Bonnes f\u00eates \u00e0 tous et toutes,<\/p>\n<p>La Maison des Lyc\u00e9ens<\/p>\n<p><img loading=\"lazy\" decoding=\"async\" class=\"alignnone size-large wp-image-10042\" src=\"https:\/\/lyceemauriac.fr\/wp-content\/uploads\/2022\/12\/telethon-photos-bilan-1024x768.jpeg\" alt=\"\" width=\"640\" height=\"480\" srcset=\"https:\/\/lyceemauriac.fr\/wp-content\/uploads\/2022\/12\/telethon-photos-bilan-1024x768.jpeg 1024w, https:\/\/lyceemauriac.fr\/wp-content\/uploads\/2022\/12\/telethon-photos-bilan-200x150.jpeg 200w, https:\/\/lyceemauriac.fr\/wp-content\/uploads\/2022\/12\/telethon-photos-bilan-768x576.jpeg 768w, https:\/\/lyceemauriac.fr\/wp-content\/uploads\/2022\/12\/telethon-photos-bilan-1536x1152.jpeg 1536w, https:\/\/lyceemauriac.fr\/wp-content\/uploads\/2022\/12\/telethon-photos-bilan-2048x1536.jpeg 2048w, https:\/\/lyceemauriac.fr\/wp-content\/uploads\/2022\/12\/telethon-photos-bilan-333x250.jpeg 333w\" sizes=\"auto, (max-width: 640px) 100vw, 640px\" \/><\/p>\n","protected":false},"excerpt":{"rendered":"<p>La Maison des Lyc\u00e9ens a eu la joie de s&rsquo;associer avec le T\u00e9l\u00e9thon afin de les aider dans leur collecte de fonds afin de financer des projets de recherche sur les maladies g\u00e9n\u00e9tiques rares. \u00c0 cette occasion une vente de tote-bags fut organis\u00e9e dans le lyc\u00e9e et les rues de Bordeaux lors du week end [&hellip;]<\/p>\n","protected":false},"author":16,"featured_media":9802,"comment_status":"closed","ping_status":"open","sticky":false,"template":"","format":"standard","meta":{"footnotes":""},"categories":[14],"tags":[],"class_list":["post-9801","post","type-post","status-publish","format-standard","has-post-thumbnail","hentry","category-mdl"],"_links":{"self":[{"href":"https:\/\/lyceemauriac.fr\/index.php\/wp-json\/wp\/v2\/posts\/9801","targetHints":{"allow":["GET"]}}],"collection":[{"href":"https:\/\/lyceemauriac.fr\/index.php\/wp-json\/wp\/v2\/posts"}],"about":[{"href":"https:\/\/lyceemauriac.fr\/index.php\/wp-json\/wp\/v2\/types\/post"}],"author":[{"embeddable":true,"href":"https:\/\/lyceemauriac.fr\/index.php\/wp-json\/wp\/v2\/users\/16"}],"replies":[{"embeddable":true,"href":"https:\/\/lyceemauriac.fr\/index.php\/wp-json\/wp\/v2\/comments?post=9801"}],"version-history":[{"count":6,"href":"https:\/\/lyceemauriac.fr\/index.php\/wp-json\/wp\/v2\/posts\/9801\/revisions"}],"predecessor-version":[{"id":10044,"href":"https:\/\/lyceemauriac.fr\/index.php\/wp-json\/wp\/v2\/posts\/9801\/revisions\/10044"}],"wp:featuredmedia":[{"embeddable":true,"href":"https:\/\/lyceemauriac.fr\/index.php\/wp-json\/wp\/v2\/media\/9802"}],"wp:attachment":[{"href":"https:\/\/lyceemauriac.fr\/index.php\/wp-json\/wp\/v2\/media?parent=9801"}],"wp:term":[{"taxonomy":"category","embeddable":true,"href":"https:\/\/lyceemauriac.fr\/index.php\/wp-json\/wp\/v2\/categories?post=9801"},{"taxonomy":"post_tag","embeddable":true,"href":"https:\/\/lyceemauriac.fr\/index.php\/wp-json\/wp\/v2\/tags?post=9801"}],"curies":[{"name":"wp","href":"https:\/\/api.w.org\/{rel}","templated":true}]}}